{"id":5647,"date":"2025-05-09T14:32:19","date_gmt":"2025-05-09T12:32:19","guid":{"rendered":"https:\/\/yuliayogi.com\/?p=5647"},"modified":"2025-05-12T14:52:17","modified_gmt":"2025-05-12T12:52:17","slug":"formacion-de-yoga-entrevista-mandiram","status":"publish","type":"post","link":"https:\/\/yuliayogi.com\/en\/formacion-de-yoga-entrevista-mandiram\/","title":{"rendered":"\u00bfC\u00f3mo elegir una buena formaci\u00f3n de yoga? Entrevista con Gordana de Mandiram Yoga"},"content":{"rendered":"<div data-elementor-type=\"wp-post\" data-elementor-id=\"5647\" class=\"elementor elementor-5647\" data-elementor-post-type=\"post\">\n\t\t\t\t\t\t<section data-particle_enable=\"false\" data-particle-mobile-disabled=\"false\" class=\"elementor-section elementor-top-section elementor-element elementor-element-a36db3a elementor-section-boxed elementor-section-height-default elementor-section-height-default\" data-id=\"a36db3a\" data-element_type=\"section\">\n\t\t\t\t\t\t<div class=\"elementor-container elementor-column-gap-default\">\n\t\t\t\t\t<div class=\"elementor-column elementor-col-100 elementor-top-column elementor-element elementor-element-bd4ec27\" data-id=\"bd4ec27\" data-element_type=\"column\">\n\t\t\t<div class=\"elementor-widget-wrap elementor-element-populated\">\n\t\t\t\t\t\t<section data-particle_enable=\"false\" data-particle-mobile-disabled=\"false\" class=\"elementor-section elementor-inner-section elementor-element elementor-element-3c70f56 elementor-section-boxed elementor-section-height-default elementor-section-height-default\" data-id=\"3c70f56\" data-element_type=\"section\">\n\t\t\t\t\t\t<div class=\"elementor-container elementor-column-gap-default\">\n\t\t\t\t\t<div class=\"elementor-column elementor-col-100 elementor-inner-column elementor-element elementor-element-59d2aec\" data-id=\"59d2aec\" data-element_type=\"column\">\n\t\t\t<div class=\"elementor-widget-wrap\">\n\t\t\t\t\t\t\t<\/div>\n\t\t<\/div>\n\t\t\t\t\t<\/div>\n\t\t<\/section>\n\t\t\t\t<div class=\"elementor-element elementor-element-6537f2f elementor-widget elementor-widget-text-editor\" data-id=\"6537f2f\" data-element_type=\"widget\" data-widget_type=\"text-editor.default\">\n\t\t\t\t<div class=\"elementor-widget-container\">\n\t\t\t\t\t\t\t\t\t<p>La pregunta que m\u00e1s me han hecho a lo largo de los \u00faltimos a\u00f1os es:<\/p><p><strong>\u201c\u00bfPuedes por favor recomendar una formaci\u00f3n para profes?\u201d<\/strong><\/p><p>Y nunca sab\u00eda qu\u00e9 contestar.<\/p><p>Sinceramente, porque no me quer\u00eda mojar recomendando alg\u00fan curso sin haber estudiado exhaustivamente la programaci\u00f3n, sin conocer al equipo docente, ni estar 100% segura de que esa formaci\u00f3n incluyera todo lo que yo considero importante para convertirse en buen profe de yoga.<\/p><p>Pero este a\u00f1o colaboro como profesora invitada en una Formaci\u00f3n, y por primera vez me siento segura de recomendar un programa y garantizar su calidad. Por eso decid\u00ed entrevistar a Gordana, fundadora de Mandiram Yoga, para que conteste a muchas de las preguntas que yo misma me hice cuando buscaba mi primera formaci\u00f3n&#8230; y que s\u00e9 que tambi\u00e9n t\u00fa te est\u00e1s haciendo.<\/p>\t\t\t\t\t\t\t\t<\/div>\n\t\t\t\t<\/div>\n\t\t\t\t<div class=\"elementor-element elementor-element-5c64da5 elementor-widget elementor-widget-heading\" data-id=\"5c64da5\" data-element_type=\"widget\" data-widget_type=\"heading.default\">\n\t\t\t\t<div class=\"elementor-widget-container\">\n\t\t\t\t\t<h3 class=\"elementor-heading-title elementor-size-default\">Gordana, \u00bfcu\u00e1les dir\u00edas que son las claves de una buena formaci\u00f3n de yoga?<\/h3>\t\t\t\t<\/div>\n\t\t\t\t<\/div>\n\t\t\t\t<section data-particle_enable=\"false\" data-particle-mobile-disabled=\"false\" class=\"elementor-section elementor-inner-section elementor-element elementor-element-c0d9623 elementor-section-boxed elementor-section-height-default elementor-section-height-default\" data-id=\"c0d9623\" data-element_type=\"section\">\n\t\t\t\t\t\t<div class=\"elementor-container elementor-column-gap-default\">\n\t\t\t\t\t<div class=\"elementor-column elementor-col-50 elementor-inner-column elementor-element elementor-element-c4619cc\" data-id=\"c4619cc\" data-element_type=\"column\">\n\t\t\t<div class=\"elementor-widget-wrap elementor-element-populated\">\n\t\t\t\t\t\t<div class=\"elementor-element elementor-element-4ae4c89 elementor-widget elementor-widget-image\" data-id=\"4ae4c89\" data-element_type=\"widget\" data-widget_type=\"image.default\">\n\t\t\t\t<div class=\"elementor-widget-container\">\n\t\t\t\t\t\t\t\t\t\t\t\t\t\t\t<img fetchpriority=\"high\" decoding=\"async\" width=\"573\" height=\"855\" src=\"https:\/\/yuliayogi.com\/wp-content\/uploads\/2025\/05\/R1-00082-0028.jpg\" class=\"attachment-large size-large wp-image-5651\" alt=\"\" srcset=\"https:\/\/yuliayogi.com\/wp-content\/uploads\/2025\/05\/R1-00082-0028.jpg 573w, https:\/\/yuliayogi.com\/wp-content\/uploads\/2025\/05\/R1-00082-0028-201x300.jpg 201w, https:\/\/yuliayogi.com\/wp-content\/uploads\/2025\/05\/R1-00082-0028-8x12.jpg 8w\" sizes=\"(max-width: 573px) 100vw, 573px\" \/>\t\t\t\t\t\t\t\t\t\t\t\t\t\t\t<\/div>\n\t\t\t\t<\/div>\n\t\t\t\t\t<\/div>\n\t\t<\/div>\n\t\t\t\t<div class=\"elementor-column elementor-col-50 elementor-inner-column elementor-element elementor-element-1219a33\" data-id=\"1219a33\" data-element_type=\"column\">\n\t\t\t<div class=\"elementor-widget-wrap elementor-element-populated\">\n\t\t\t\t\t\t<div class=\"elementor-element elementor-element-6aba806 elementor-widget elementor-widget-text-editor\" data-id=\"6aba806\" data-element_type=\"widget\" data-widget_type=\"text-editor.default\">\n\t\t\t\t<div class=\"elementor-widget-container\">\n\t\t\t\t\t\t\t\t\t<p><strong>Gordana:<\/strong> Hay muchas cosas que una formaci\u00f3n puede incluir, pero si me preguntas por lo imprescindible, para m\u00ed son tres:<\/p><ol><li><strong>Aprender a ense\u00f1ar a personas principiantes.<\/strong> Es muy f\u00e1cil dar una clase a alguien que ya sabe hacer posturas. Pero \u00bfqu\u00e9 haces cuando alguien no puede tocar el suelo con las manos? \u00bfO no sabe lo que es un \u201cperro boca abajo\u201d? Ah\u00ed es donde de verdad necesitas herramientas y una metodolog\u00eda clara para adaptar la pr\u00e1ctica a distintos cuerpos y niveles.<br \/><br \/><\/li><li><strong>Practicar desde el primer d\u00eda c\u00f3mo ense\u00f1ar<\/strong>. Hay formaciones donde solo das una clase el \u00faltimo d\u00eda en el examen. Eso me parece una locura. En Mandiram, desde el principio, se empieza a practicar c\u00f3mo dar instrucciones, c\u00f3mo construir una clase, c\u00f3mo acompa\u00f1ar al otro.<br \/><br \/><\/li><li><strong>Fomento del pensamiento cr\u00edtico.<\/strong> No queremos clones que repitan frases de su profe. Queremos profesoras y profesores que encuentren su voz, que duden, que cuestionen, y que ense\u00f1en desde su verdad.<\/li><\/ol>\t\t\t\t\t\t\t\t<\/div>\n\t\t\t\t<\/div>\n\t\t\t\t\t<\/div>\n\t\t<\/div>\n\t\t\t\t\t<\/div>\n\t\t<\/section>\n\t\t\t\t<div class=\"elementor-element elementor-element-18df560 elementor-widget elementor-widget-heading\" data-id=\"18df560\" data-element_type=\"widget\" data-widget_type=\"heading.default\">\n\t\t\t\t<div class=\"elementor-widget-container\">\n\t\t\t\t\t<h3 class=\"elementor-heading-title elementor-size-default\">\u00bfY qu\u00e9 pasa si alguien no quiere dar clases, pero s\u00ed quiere profundizar en su pr\u00e1ctica?<\/h3>\t\t\t\t<\/div>\n\t\t\t\t<\/div>\n\t\t\t\t<div class=\"elementor-element elementor-element-e19abd3 elementor-widget elementor-widget-text-editor\" data-id=\"e19abd3\" data-element_type=\"widget\" data-widget_type=\"text-editor.default\">\n\t\t\t\t<div class=\"elementor-widget-container\">\n\t\t\t\t\t\t\t\t\t<p><strong>Gordana:<\/strong> Tambi\u00e9n es perfecto. Much\u00edsimas personas que hacen la formaci\u00f3n no tienen intenci\u00f3n de ense\u00f1ar, pero sienten que el yoga les est\u00e1 transformando y quieren entenderlo bien. La formaci\u00f3n les da contexto, estructura y claridad. Y a veces, sin querer, les cambia la vida y acaban ense\u00f1ando igual \ud83d\ude09.<\/p>\t\t\t\t\t\t\t\t<\/div>\n\t\t\t\t<\/div>\n\t\t\t\t<div class=\"elementor-element elementor-element-30c8566 elementor-widget elementor-widget-heading\" data-id=\"30c8566\" data-element_type=\"widget\" data-widget_type=\"heading.default\">\n\t\t\t\t<div class=\"elementor-widget-container\">\n\t\t\t\t\t<h3 class=\"elementor-heading-title elementor-size-default\">\u00bfEs necesario tener un nivel avanzado para apuntarse?<\/h3>\t\t\t\t<\/div>\n\t\t\t\t<\/div>\n\t\t\t\t<div class=\"elementor-element elementor-element-cac0bfe elementor-widget elementor-widget-text-editor\" data-id=\"cac0bfe\" data-element_type=\"widget\" data-widget_type=\"text-editor.default\">\n\t\t\t\t<div class=\"elementor-widget-container\">\n\t\t\t\t\t\t\t\t\t<p><strong>Gordana:<\/strong> No. Lo que se necesita es compromiso y curiosidad. No necesitas hacer posturas imposibles ni tener una pr\u00e1ctica diaria impecable. Lo que s\u00ed necesitas es estar dispuesta a aprender. Lo importante no es \u201cc\u00f3mo practicas\u201d, sino <strong>c\u00f3mo te relacionas con la pr\u00e1ctica.<\/strong><\/p>\t\t\t\t\t\t\t\t<\/div>\n\t\t\t\t<\/div>\n\t\t\t\t<div class=\"elementor-element elementor-element-91c46ba elementor-widget elementor-widget-heading\" data-id=\"91c46ba\" data-element_type=\"widget\" data-widget_type=\"heading.default\">\n\t\t\t\t<div class=\"elementor-widget-container\">\n\t\t\t\t\t<h3 class=\"elementor-heading-title elementor-size-default\">\u00bfQu\u00e9 diferencia hay entre la formaci\u00f3n online y la presencial?<\/h3>\t\t\t\t<\/div>\n\t\t\t\t<\/div>\n\t\t\t\t<section data-particle_enable=\"false\" data-particle-mobile-disabled=\"false\" class=\"elementor-section elementor-inner-section elementor-element elementor-element-6ef8603 elementor-section-boxed elementor-section-height-default elementor-section-height-default\" data-id=\"6ef8603\" data-element_type=\"section\">\n\t\t\t\t\t\t<div class=\"elementor-container elementor-column-gap-default\">\n\t\t\t\t\t<div class=\"elementor-column elementor-col-50 elementor-inner-column elementor-element elementor-element-3431f49\" data-id=\"3431f49\" data-element_type=\"column\">\n\t\t\t<div class=\"elementor-widget-wrap elementor-element-populated\">\n\t\t\t\t\t\t<div class=\"elementor-element elementor-element-0447a6b elementor-widget elementor-widget-text-editor\" data-id=\"0447a6b\" data-element_type=\"widget\" data-widget_type=\"text-editor.default\">\n\t\t\t\t<div class=\"elementor-widget-container\">\n\t\t\t\t\t\t\t\t\t<p><strong>Gordana:<\/strong><\/p><ul><li>La <strong>formaci\u00f3n presencial<\/strong> se vive en grupo, en fines de semana intensivos a lo largo de varios meses. Ah\u00ed conectas con tus compa\u00f1eros, con los profes, con el espacio. Es un camino compartido.<br \/><br \/><\/li><li>La <strong>formaci\u00f3n online<\/strong> es perfecta si necesitas m\u00e1s flexibilidad. Tienes acceso a un curso grabado muy completo y, adem\u00e1s, mentor\u00edas grupales en directo donde resolvemos dudas, damos feedback y creamos comunidad. Es a tu ritmo, pero con acompa\u00f1amiento real.<\/li><\/ul>\t\t\t\t\t\t\t\t<\/div>\n\t\t\t\t<\/div>\n\t\t\t\t\t<\/div>\n\t\t<\/div>\n\t\t\t\t<div class=\"elementor-column elementor-col-50 elementor-inner-column elementor-element elementor-element-81e0236\" data-id=\"81e0236\" data-element_type=\"column\">\n\t\t\t<div class=\"elementor-widget-wrap elementor-element-populated\">\n\t\t\t\t\t\t<div class=\"elementor-element elementor-element-46e8ebf elementor-widget elementor-widget-image\" data-id=\"46e8ebf\" data-element_type=\"widget\" data-widget_type=\"image.default\">\n\t\t\t\t<div class=\"elementor-widget-container\">\n\t\t\t\t\t\t\t\t\t\t\t\t\t\t\t<img decoding=\"async\" width=\"1024\" height=\"640\" src=\"https:\/\/yuliayogi.com\/wp-content\/uploads\/2025\/05\/d9904316-c559-44fa-8ccb-44301af1e05e-1024x640.jpg\" class=\"attachment-large size-large wp-image-5668\" alt=\"\" srcset=\"https:\/\/yuliayogi.com\/wp-content\/uploads\/2025\/05\/d9904316-c559-44fa-8ccb-44301af1e05e-1024x640.jpg 1024w, https:\/\/yuliayogi.com\/wp-content\/uploads\/2025\/05\/d9904316-c559-44fa-8ccb-44301af1e05e-300x188.jpg 300w, https:\/\/yuliayogi.com\/wp-content\/uploads\/2025\/05\/d9904316-c559-44fa-8ccb-44301af1e05e-768x480.jpg 768w, https:\/\/yuliayogi.com\/wp-content\/uploads\/2025\/05\/d9904316-c559-44fa-8ccb-44301af1e05e-18x12.jpg 18w, https:\/\/yuliayogi.com\/wp-content\/uploads\/2025\/05\/d9904316-c559-44fa-8ccb-44301af1e05e.jpg 1368w\" sizes=\"(max-width: 1024px) 100vw, 1024px\" \/>\t\t\t\t\t\t\t\t\t\t\t\t\t\t\t<\/div>\n\t\t\t\t<\/div>\n\t\t\t\t\t<\/div>\n\t\t<\/div>\n\t\t\t\t\t<\/div>\n\t\t<\/section>\n\t\t\t\t<div class=\"elementor-element elementor-element-f9bc5d9 elementor-widget elementor-widget-heading\" data-id=\"f9bc5d9\" data-element_type=\"widget\" data-widget_type=\"heading.default\">\n\t\t\t\t<div class=\"elementor-widget-container\">\n\t\t\t\t\t<h3 class=\"elementor-heading-title elementor-size-default\">\u00bfQu\u00e9 estilo de yoga se ense\u00f1a?<\/h3>\t\t\t\t<\/div>\n\t\t\t\t<\/div>\n\t\t\t\t<div class=\"elementor-element elementor-element-96d59ec elementor-widget elementor-widget-text-editor\" data-id=\"96d59ec\" data-element_type=\"widget\" data-widget_type=\"text-editor.default\">\n\t\t\t\t<div class=\"elementor-widget-container\">\n\t\t\t\t\t\t\t\t\t<p><strong>Gordana:<\/strong> En Mandiram ense\u00f1amos una base s\u00f3lida de <strong>Hatha<\/strong> and <strong>Vinyasa Yoga<\/strong>, con un enfoque claro en alineamiento. Pero m\u00e1s all\u00e1 del estilo, lo que ense\u00f1amos es c\u00f3mo pensar como profesora, c\u00f3mo leer un cuerpo, c\u00f3mo sostener el espacio y c\u00f3mo llevar su filosof\u00eda del Yoga a tu d\u00eda a d\u00eda.<\/p>\t\t\t\t\t\t\t\t<\/div>\n\t\t\t\t<\/div>\n\t\t\t\t<div class=\"elementor-element elementor-element-90a4323 elementor-widget elementor-widget-heading\" data-id=\"90a4323\" data-element_type=\"widget\" data-widget_type=\"heading.default\">\n\t\t\t\t<div class=\"elementor-widget-container\">\n\t\t\t\t\t<h3 class=\"elementor-heading-title elementor-size-default\">\u00bfQu\u00e9 pasa si tengo dudas antes de apuntarme?\n<\/h3>\t\t\t\t<\/div>\n\t\t\t\t<\/div>\n\t\t\t\t<div class=\"elementor-element elementor-element-724b968 elementor-widget elementor-widget-text-editor\" data-id=\"724b968\" data-element_type=\"widget\" data-widget_type=\"text-editor.default\">\n\t\t\t\t<div class=\"elementor-widget-container\">\n\t\t\t\t\t\t\t\t\t<p><strong>Gordana:<\/strong> Muy f\u00e1cil. Cuando te interesa una formaci\u00f3n, puedes pedir el programa y ver un v\u00eddeo donde te explicamos todo: qu\u00e9 incluye, c\u00f3mo funciona, qu\u00e9 puedes esperar. Y si a\u00fan te quedan dudas, puedes agendar una videollamada. Preferimos que preguntes todo antes de apuntarte, porque esta decisi\u00f3n merece toda tu atenci\u00f3n.<\/p>\t\t\t\t\t\t\t\t<\/div>\n\t\t\t\t<\/div>\n\t\t\t\t<div class=\"elementor-element elementor-element-adc4df1 elementor-widget elementor-widget-heading\" data-id=\"adc4df1\" data-element_type=\"widget\" data-widget_type=\"heading.default\">\n\t\t\t\t<div class=\"elementor-widget-container\">\n\t\t\t\t\t<h3 class=\"elementor-heading-title elementor-size-default\">\u00bfAlgo m\u00e1s que quieras decirle a quien est\u00e1 leyendo esto?<\/h3>\t\t\t\t<\/div>\n\t\t\t\t<\/div>\n\t\t\t\t<div class=\"elementor-element elementor-element-49b57b3 elementor-widget elementor-widget-text-editor\" data-id=\"49b57b3\" data-element_type=\"widget\" data-widget_type=\"text-editor.default\">\n\t\t\t\t<div class=\"elementor-widget-container\">\n\t\t\t\t\t\t\t\t\t<p><strong>Gordana:<\/strong> Solo que si sientes el impulso de formarte, esc\u00fachalo. No necesitas tenerlo todo claro. Solo necesitas dar un primer paso. Y rodearte de una formaci\u00f3n que te respalde, te rete, y te acompa\u00f1e.<\/p>\t\t\t\t\t\t\t\t<\/div>\n\t\t\t\t<\/div>\n\t\t\t\t<div class=\"elementor-element elementor-element-959fa52 elementor-widget elementor-widget-heading\" data-id=\"959fa52\" data-element_type=\"widget\" data-widget_type=\"heading.default\">\n\t\t\t\t<div class=\"elementor-widget-container\">\n\t\t\t\t\t<h3 class=\"elementor-heading-title elementor-size-default\"> \u00bfTe interesa formarte como profesora de yoga?\n<\/h3>\t\t\t\t<\/div>\n\t\t\t\t<\/div>\n\t\t\t\t<div class=\"elementor-element elementor-element-9cf46fd elementor-widget elementor-widget-text-editor\" data-id=\"9cf46fd\" data-element_type=\"widget\" data-widget_type=\"text-editor.default\">\n\t\t\t\t<div class=\"elementor-widget-container\">\n\t\t\t\t\t\t\t\t\t<p>Puedes echarle un vistazo a la <a href=\"https:\/\/www.yogaenmandiram.com\/formaciones\/formacion-de-yoga-vinyasa-barcelona\" target=\"_blank\" rel=\"noopener\">Formaci\u00f3n Presencial aqu\u00ed<\/a><br \/>O ver toda la info sobre la <a href=\"https:\/\/www.yogaenmandiram.com\/formaciones\/formacion-de-yoga-vinyasa-online\" target=\"_blank\" rel=\"noopener\">Formaci\u00f3n Online aqu\u00ed.<\/a><\/p>\t\t\t\t\t\t\t\t<\/div>\n\t\t\t\t<\/div>\n\t\t\t\t<div class=\"elementor-element elementor-element-80b26a4 elementor-widget elementor-widget-image\" data-id=\"80b26a4\" data-element_type=\"widget\" data-widget_type=\"image.default\">\n\t\t\t\t<div class=\"elementor-widget-container\">\n\t\t\t\t\t\t\t\t\t\t\t\t\t\t\t<img decoding=\"async\" width=\"1024\" height=\"576\" src=\"https:\/\/yuliayogi.com\/wp-content\/uploads\/2025\/05\/IMG_3955-1024x576.jpg\" class=\"attachment-large size-large wp-image-5672\" alt=\"\" srcset=\"https:\/\/yuliayogi.com\/wp-content\/uploads\/2025\/05\/IMG_3955-1024x576.jpg 1024w, https:\/\/yuliayogi.com\/wp-content\/uploads\/2025\/05\/IMG_3955-300x169.jpg 300w, https:\/\/yuliayogi.com\/wp-content\/uploads\/2025\/05\/IMG_3955-768x432.jpg 768w, https:\/\/yuliayogi.com\/wp-content\/uploads\/2025\/05\/IMG_3955-18x10.jpg 18w, https:\/\/yuliayogi.com\/wp-content\/uploads\/2025\/05\/IMG_3955.jpg 1520w\" sizes=\"(max-width: 1024px) 100vw, 1024px\" \/>\t\t\t\t\t\t\t\t\t\t\t\t\t\t\t<\/div>\n\t\t\t\t<\/div>\n\t\t\t\t\t<\/div>\n\t\t<\/div>\n\t\t\t\t\t<\/div>\n\t\t<\/section>\n\t\t\t\t<\/div>","protected":false},"excerpt":{"rendered":"<p>La pregunta que m\u00e1s me han hecho a lo largo de los \u00faltimos a\u00f1os es: \u201c\u00bfPuedes por favor recomendar una formaci\u00f3n para profes?\u201d Y nunca sab\u00eda qu\u00e9 contestar. Sinceramente, porque no me quer\u00eda mojar recomendando alg\u00fan curso sin haber estudiado exhaustivamente la programaci\u00f3n, sin conocer al equipo docente, ni estar 100% segura de que esa &#8230; <a title=\"\u00bfC\u00f3mo elegir una buena formaci\u00f3n de yoga? Entrevista con Gordana de Mandiram Yoga\" class=\"read-more\" href=\"https:\/\/yuliayogi.com\/en\/formacion-de-yoga-entrevista-mandiram\/\" aria-label=\"Read more about \u00bfC\u00f3mo elegir una buena formaci\u00f3n de yoga? Entrevista con Gordana de Mandiram Yoga\">Read more<\/a><\/p>","protected":false},"author":10,"featured_media":5648,"comment_status":"open","ping_status":"open","sticky":false,"template":"","format":"standard","meta":{"footnotes":""},"categories":[1],"tags":[],"class_list":["post-5647","post","type-post","status-publish","format-standard","has-post-thumbnail","hentry","category-uncategorized"],"yoast_head":"<!-- This site is optimized with the Yoast SEO plugin v24.8.1 - https:\/\/yoast.com\/wordpress\/plugins\/seo\/ -->\n<title>Formaci\u00f3n de Yoga, entrevista Mandiram - Yuliayogi<\/title>\n<meta name=\"description\" content=\"\u00bfQuieres formaci\u00f3n de Yoga para ser profesor o profundizar en tu pr\u00e1ctica? Gordana de Mandiram responde a las dudas sobre su formaci\u00f3n.\" \/>\n<meta name=\"robots\" content=\"index, follow, max-snippet:-1, max-image-preview:large, max-video-preview:-1\" \/>\n<link rel=\"canonical\" href=\"https:\/\/yuliayogi.com\/en\/formacion-de-yoga-entrevista-mandiram\/\" \/>\n<meta property=\"og:locale\" content=\"en_GB\" \/>\n<meta property=\"og:type\" content=\"article\" \/>\n<meta property=\"og:title\" content=\"Formaci\u00f3n de Yoga, entrevista Mandiram - Yuliayogi\" \/>\n<meta property=\"og:description\" content=\"\u00bfQuieres formaci\u00f3n de Yoga para ser profesor o profundizar en tu pr\u00e1ctica? Gordana de Mandiram responde a las dudas sobre su formaci\u00f3n.\" \/>\n<meta property=\"og:url\" content=\"https:\/\/yuliayogi.com\/en\/formacion-de-yoga-entrevista-mandiram\/\" \/>\n<meta property=\"og:site_name\" content=\"Yuliayogi\" \/>\n<meta property=\"article:published_time\" content=\"2025-05-09T12:32:19+00:00\" \/>\n<meta property=\"article:modified_time\" content=\"2025-05-12T12:52:17+00:00\" \/>\n<meta property=\"og:image\" content=\"https:\/\/yuliayogi.com\/wp-content\/uploads\/2025\/05\/1.jpg\" \/>\n\t<meta property=\"og:image:width\" content=\"1520\" \/>\n\t<meta property=\"og:image:height\" content=\"855\" \/>\n\t<meta property=\"og:image:type\" content=\"image\/jpeg\" \/>\n<meta name=\"author\" content=\"Sergi Perez\" \/>\n<meta name=\"twitter:card\" content=\"summary_large_image\" \/>\n<meta name=\"twitter:label1\" content=\"Written by\" \/>\n\t<meta name=\"twitter:data1\" content=\"Sergi Perez\" \/>\n\t<meta name=\"twitter:label2\" content=\"Estimated reading time\" \/>\n\t<meta name=\"twitter:data2\" content=\"4 minutes\" \/>\n<script type=\"application\/ld+json\" class=\"yoast-schema-graph\">{\"@context\":\"https:\/\/schema.org\",\"@graph\":[{\"@type\":\"Article\",\"@id\":\"https:\/\/yuliayogi.com\/formacion-de-yoga-entrevista-mandiram\/#article\",\"isPartOf\":{\"@id\":\"https:\/\/yuliayogi.com\/formacion-de-yoga-entrevista-mandiram\/\"},\"author\":{\"name\":\"Sergi Perez\",\"@id\":\"https:\/\/yuliayogi.com\/#\/schema\/person\/3fbcfc7b35ca37a95e51c91ef53502bd\"},\"headline\":\"\u00bfC\u00f3mo elegir una buena formaci\u00f3n de yoga? Entrevista con Gordana de Mandiram Yoga\",\"datePublished\":\"2025-05-09T12:32:19+00:00\",\"dateModified\":\"2025-05-12T12:52:17+00:00\",\"mainEntityOfPage\":{\"@id\":\"https:\/\/yuliayogi.com\/formacion-de-yoga-entrevista-mandiram\/\"},\"wordCount\":777,\"commentCount\":0,\"publisher\":{\"@id\":\"https:\/\/yuliayogi.com\/#\/schema\/person\/391f8450550d1a864df4e67c33fb11d0\"},\"image\":{\"@id\":\"https:\/\/yuliayogi.com\/formacion-de-yoga-entrevista-mandiram\/#primaryimage\"},\"thumbnailUrl\":\"https:\/\/yuliayogi.com\/wp-content\/uploads\/2025\/05\/1.jpg\",\"articleSection\":[\"Uncategorized\"],\"inLanguage\":\"en-GB\",\"potentialAction\":[{\"@type\":\"CommentAction\",\"name\":\"Comment\",\"target\":[\"https:\/\/yuliayogi.com\/formacion-de-yoga-entrevista-mandiram\/#respond\"]}]},{\"@type\":\"WebPage\",\"@id\":\"https:\/\/yuliayogi.com\/formacion-de-yoga-entrevista-mandiram\/\",\"url\":\"https:\/\/yuliayogi.com\/formacion-de-yoga-entrevista-mandiram\/\",\"name\":\"Formaci\u00f3n de Yoga, entrevista Mandiram - Yuliayogi\",\"isPartOf\":{\"@id\":\"https:\/\/yuliayogi.com\/#website\"},\"primaryImageOfPage\":{\"@id\":\"https:\/\/yuliayogi.com\/formacion-de-yoga-entrevista-mandiram\/#primaryimage\"},\"image\":{\"@id\":\"https:\/\/yuliayogi.com\/formacion-de-yoga-entrevista-mandiram\/#primaryimage\"},\"thumbnailUrl\":\"https:\/\/yuliayogi.com\/wp-content\/uploads\/2025\/05\/1.jpg\",\"datePublished\":\"2025-05-09T12:32:19+00:00\",\"dateModified\":\"2025-05-12T12:52:17+00:00\",\"description\":\"\u00bfQuieres formaci\u00f3n de Yoga para ser profesor o profundizar en tu pr\u00e1ctica? Gordana de Mandiram responde a las dudas sobre su formaci\u00f3n.\",\"breadcrumb\":{\"@id\":\"https:\/\/yuliayogi.com\/formacion-de-yoga-entrevista-mandiram\/#breadcrumb\"},\"inLanguage\":\"en-GB\",\"potentialAction\":[{\"@type\":\"ReadAction\",\"target\":[\"https:\/\/yuliayogi.com\/formacion-de-yoga-entrevista-mandiram\/\"]}]},{\"@type\":\"ImageObject\",\"inLanguage\":\"en-GB\",\"@id\":\"https:\/\/yuliayogi.com\/formacion-de-yoga-entrevista-mandiram\/#primaryimage\",\"url\":\"https:\/\/yuliayogi.com\/wp-content\/uploads\/2025\/05\/1.jpg\",\"contentUrl\":\"https:\/\/yuliayogi.com\/wp-content\/uploads\/2025\/05\/1.jpg\",\"width\":1520,\"height\":855},{\"@type\":\"BreadcrumbList\",\"@id\":\"https:\/\/yuliayogi.com\/formacion-de-yoga-entrevista-mandiram\/#breadcrumb\",\"itemListElement\":[{\"@type\":\"ListItem\",\"position\":1,\"name\":\"Portada\",\"item\":\"https:\/\/yuliayogi.com\/\"},{\"@type\":\"ListItem\",\"position\":2,\"name\":\"\u00bfC\u00f3mo elegir una buena formaci\u00f3n de yoga? Entrevista con Gordana de Mandiram Yoga\"}]},{\"@type\":\"WebSite\",\"@id\":\"https:\/\/yuliayogi.com\/#website\",\"url\":\"https:\/\/yuliayogi.com\/\",\"name\":\"Yuliayogi\",\"description\":\"\",\"publisher\":{\"@id\":\"https:\/\/yuliayogi.com\/#\/schema\/person\/391f8450550d1a864df4e67c33fb11d0\"},\"potentialAction\":[{\"@type\":\"SearchAction\",\"target\":{\"@type\":\"EntryPoint\",\"urlTemplate\":\"https:\/\/yuliayogi.com\/?s={search_term_string}\"},\"query-input\":{\"@type\":\"PropertyValueSpecification\",\"valueRequired\":true,\"valueName\":\"search_term_string\"}}],\"inLanguage\":\"en-GB\"},{\"@type\":[\"Person\",\"Organization\"],\"@id\":\"https:\/\/yuliayogi.com\/#\/schema\/person\/391f8450550d1a864df4e67c33fb11d0\",\"name\":\"Yuliayogi\",\"image\":{\"@type\":\"ImageObject\",\"inLanguage\":\"en-GB\",\"@id\":\"https:\/\/yuliayogi.com\/#\/schema\/person\/image\/\",\"url\":\"https:\/\/yuliayogi.com\/wp-content\/uploads\/2023\/09\/YuliaYogi-logo.png\",\"contentUrl\":\"https:\/\/yuliayogi.com\/wp-content\/uploads\/2023\/09\/YuliaYogi-logo.png\",\"width\":692,\"height\":143,\"caption\":\"Yuliayogi\"},\"logo\":{\"@id\":\"https:\/\/yuliayogi.com\/#\/schema\/person\/image\/\"},\"sameAs\":[\"https:\/\/www.instagram.com\/yuliayogi\/\"]},{\"@type\":\"Person\",\"@id\":\"https:\/\/yuliayogi.com\/#\/schema\/person\/3fbcfc7b35ca37a95e51c91ef53502bd\",\"name\":\"Sergi Perez\",\"image\":{\"@type\":\"ImageObject\",\"inLanguage\":\"en-GB\",\"@id\":\"https:\/\/yuliayogi.com\/#\/schema\/person\/image\/\",\"url\":\"https:\/\/secure.gravatar.com\/avatar\/72cfd7496552bd3d2cfc8853b92c0dc3?s=96&d=mm&r=g\",\"contentUrl\":\"https:\/\/secure.gravatar.com\/avatar\/72cfd7496552bd3d2cfc8853b92c0dc3?s=96&d=mm&r=g\",\"caption\":\"Sergi Perez\"},\"url\":\"https:\/\/yuliayogi.com\/en\/author\/sergiperez\/\"}]}<\/script>\n<!-- \/ Yoast SEO plugin. -->","yoast_head_json":{"title":"Formaci\u00f3n de Yoga, entrevista Mandiram - Yuliayogi","description":"\u00bfQuieres formaci\u00f3n de Yoga para ser profesor o profundizar en tu pr\u00e1ctica? Gordana de Mandiram responde a las dudas sobre su formaci\u00f3n.","robots":{"index":"index","follow":"follow","max-snippet":"max-snippet:-1","max-image-preview":"max-image-preview:large","max-video-preview":"max-video-preview:-1"},"canonical":"https:\/\/yuliayogi.com\/en\/formacion-de-yoga-entrevista-mandiram\/","og_locale":"en_GB","og_type":"article","og_title":"Formaci\u00f3n de Yoga, entrevista Mandiram - Yuliayogi","og_description":"\u00bfQuieres formaci\u00f3n de Yoga para ser profesor o profundizar en tu pr\u00e1ctica? Gordana de Mandiram responde a las dudas sobre su formaci\u00f3n.","og_url":"https:\/\/yuliayogi.com\/en\/formacion-de-yoga-entrevista-mandiram\/","og_site_name":"Yuliayogi","article_published_time":"2025-05-09T12:32:19+00:00","article_modified_time":"2025-05-12T12:52:17+00:00","og_image":[{"width":1520,"height":855,"url":"https:\/\/yuliayogi.com\/wp-content\/uploads\/2025\/05\/1.jpg","type":"image\/jpeg"}],"author":"Sergi Perez","twitter_card":"summary_large_image","twitter_misc":{"Written by":"Sergi Perez","Estimated reading time":"4 minutes"},"schema":{"@context":"https:\/\/schema.org","@graph":[{"@type":"Article","@id":"https:\/\/yuliayogi.com\/formacion-de-yoga-entrevista-mandiram\/#article","isPartOf":{"@id":"https:\/\/yuliayogi.com\/formacion-de-yoga-entrevista-mandiram\/"},"author":{"name":"Sergi Perez","@id":"https:\/\/yuliayogi.com\/#\/schema\/person\/3fbcfc7b35ca37a95e51c91ef53502bd"},"headline":"\u00bfC\u00f3mo elegir una buena formaci\u00f3n de yoga? Entrevista con Gordana de Mandiram Yoga","datePublished":"2025-05-09T12:32:19+00:00","dateModified":"2025-05-12T12:52:17+00:00","mainEntityOfPage":{"@id":"https:\/\/yuliayogi.com\/formacion-de-yoga-entrevista-mandiram\/"},"wordCount":777,"commentCount":0,"publisher":{"@id":"https:\/\/yuliayogi.com\/#\/schema\/person\/391f8450550d1a864df4e67c33fb11d0"},"image":{"@id":"https:\/\/yuliayogi.com\/formacion-de-yoga-entrevista-mandiram\/#primaryimage"},"thumbnailUrl":"https:\/\/yuliayogi.com\/wp-content\/uploads\/2025\/05\/1.jpg","articleSection":["Uncategorized"],"inLanguage":"en-GB","potentialAction":[{"@type":"CommentAction","name":"Comment","target":["https:\/\/yuliayogi.com\/formacion-de-yoga-entrevista-mandiram\/#respond"]}]},{"@type":"WebPage","@id":"https:\/\/yuliayogi.com\/formacion-de-yoga-entrevista-mandiram\/","url":"https:\/\/yuliayogi.com\/formacion-de-yoga-entrevista-mandiram\/","name":"Formaci\u00f3n de Yoga, entrevista Mandiram - Yuliayogi","isPartOf":{"@id":"https:\/\/yuliayogi.com\/#website"},"primaryImageOfPage":{"@id":"https:\/\/yuliayogi.com\/formacion-de-yoga-entrevista-mandiram\/#primaryimage"},"image":{"@id":"https:\/\/yuliayogi.com\/formacion-de-yoga-entrevista-mandiram\/#primaryimage"},"thumbnailUrl":"https:\/\/yuliayogi.com\/wp-content\/uploads\/2025\/05\/1.jpg","datePublished":"2025-05-09T12:32:19+00:00","dateModified":"2025-05-12T12:52:17+00:00","description":"\u00bfQuieres formaci\u00f3n de Yoga para ser profesor o profundizar en tu pr\u00e1ctica? Gordana de Mandiram responde a las dudas sobre su formaci\u00f3n.","breadcrumb":{"@id":"https:\/\/yuliayogi.com\/formacion-de-yoga-entrevista-mandiram\/#breadcrumb"},"inLanguage":"en-GB","potentialAction":[{"@type":"ReadAction","target":["https:\/\/yuliayogi.com\/formacion-de-yoga-entrevista-mandiram\/"]}]},{"@type":"ImageObject","inLanguage":"en-GB","@id":"https:\/\/yuliayogi.com\/formacion-de-yoga-entrevista-mandiram\/#primaryimage","url":"https:\/\/yuliayogi.com\/wp-content\/uploads\/2025\/05\/1.jpg","contentUrl":"https:\/\/yuliayogi.com\/wp-content\/uploads\/2025\/05\/1.jpg","width":1520,"height":855},{"@type":"BreadcrumbList","@id":"https:\/\/yuliayogi.com\/formacion-de-yoga-entrevista-mandiram\/#breadcrumb","itemListElement":[{"@type":"ListItem","position":1,"name":"Portada","item":"https:\/\/yuliayogi.com\/"},{"@type":"ListItem","position":2,"name":"\u00bfC\u00f3mo elegir una buena formaci\u00f3n de yoga? Entrevista con Gordana de Mandiram Yoga"}]},{"@type":"WebSite","@id":"https:\/\/yuliayogi.com\/#website","url":"https:\/\/yuliayogi.com\/","name":"Yuliayogi","description":"","publisher":{"@id":"https:\/\/yuliayogi.com\/#\/schema\/person\/391f8450550d1a864df4e67c33fb11d0"},"potentialAction":[{"@type":"SearchAction","target":{"@type":"EntryPoint","urlTemplate":"https:\/\/yuliayogi.com\/?s={search_term_string}"},"query-input":{"@type":"PropertyValueSpecification","valueRequired":true,"valueName":"search_term_string"}}],"inLanguage":"en-GB"},{"@type":["Person","Organization"],"@id":"https:\/\/yuliayogi.com\/#\/schema\/person\/391f8450550d1a864df4e67c33fb11d0","name":"Yuliayogi","image":{"@type":"ImageObject","inLanguage":"en-GB","@id":"https:\/\/yuliayogi.com\/#\/schema\/person\/image\/","url":"https:\/\/yuliayogi.com\/wp-content\/uploads\/2023\/09\/YuliaYogi-logo.png","contentUrl":"https:\/\/yuliayogi.com\/wp-content\/uploads\/2023\/09\/YuliaYogi-logo.png","width":692,"height":143,"caption":"Yuliayogi"},"logo":{"@id":"https:\/\/yuliayogi.com\/#\/schema\/person\/image\/"},"sameAs":["https:\/\/www.instagram.com\/yuliayogi\/"]},{"@type":"Person","@id":"https:\/\/yuliayogi.com\/#\/schema\/person\/3fbcfc7b35ca37a95e51c91ef53502bd","name":"Sergi Perez","image":{"@type":"ImageObject","inLanguage":"en-GB","@id":"https:\/\/yuliayogi.com\/#\/schema\/person\/image\/","url":"https:\/\/secure.gravatar.com\/avatar\/72cfd7496552bd3d2cfc8853b92c0dc3?s=96&d=mm&r=g","contentUrl":"https:\/\/secure.gravatar.com\/avatar\/72cfd7496552bd3d2cfc8853b92c0dc3?s=96&d=mm&r=g","caption":"Sergi Perez"},"url":"https:\/\/yuliayogi.com\/en\/author\/sergiperez\/"}]}},"_links":{"self":[{"href":"https:\/\/yuliayogi.com\/en\/wp-json\/wp\/v2\/posts\/5647","targetHints":{"allow":["GET"]}}],"collection":[{"href":"https:\/\/yuliayogi.com\/en\/wp-json\/wp\/v2\/posts"}],"about":[{"href":"https:\/\/yuliayogi.com\/en\/wp-json\/wp\/v2\/types\/post"}],"author":[{"embeddable":true,"href":"https:\/\/yuliayogi.com\/en\/wp-json\/wp\/v2\/users\/10"}],"replies":[{"embeddable":true,"href":"https:\/\/yuliayogi.com\/en\/wp-json\/wp\/v2\/comments?post=5647"}],"version-history":[{"count":40,"href":"https:\/\/yuliayogi.com\/en\/wp-json\/wp\/v2\/posts\/5647\/revisions"}],"predecessor-version":[{"id":5695,"href":"https:\/\/yuliayogi.com\/en\/wp-json\/wp\/v2\/posts\/5647\/revisions\/5695"}],"wp:featuredmedia":[{"embeddable":true,"href":"https:\/\/yuliayogi.com\/en\/wp-json\/wp\/v2\/media\/5648"}],"wp:attachment":[{"href":"https:\/\/yuliayogi.com\/en\/wp-json\/wp\/v2\/media?parent=5647"}],"wp:term":[{"taxonomy":"category","embeddable":true,"href":"https:\/\/yuliayogi.com\/en\/wp-json\/wp\/v2\/categories?post=5647"},{"taxonomy":"post_tag","embeddable":true,"href":"https:\/\/yuliayogi.com\/en\/wp-json\/wp\/v2\/tags?post=5647"}],"curies":[{"name":"wp","href":"https:\/\/api.w.org\/{rel}","templated":true}]}}